{"id":7546,"date":"2020-03-23T13:27:02","date_gmt":"2020-03-23T12:27:02","guid":{"rendered":"http:\/\/www.secteur-lafertealais.fr\/?p=7546"},"modified":"2020-03-23T13:46:11","modified_gmt":"2020-03-23T12:46:11","slug":"le-pape-francois-invite-tous-les-chretiens","status":"publish","type":"post","link":"https:\/\/www.secteur-lafertealais.fr\/index.php\/2020\/03\/23\/le-pape-francois-invite-tous-les-chretiens\/","title":{"rendered":"Le pape Fran\u00e7ois invite tous les chr\u00e9tiens &#8230;&#8230;."},"content":{"rendered":"<p style=\"text-align: center;\"><strong>Pri\u00e8re unanime contre la pand\u00e9mie :<br \/>\nle Notre P\u00e8re le 25 mars \u00e0 midi<\/strong><\/p>\n<p><em>Invitation du pape \u00e0 tous les chr\u00e9tiens<\/em><\/p>\n<p>MARS 22, 2020 12:18<br \/>\nLe pape Fran\u00e7ois invite tous les chr\u00e9tiens \u00e0 r\u00e9citer le Notre P\u00e8re \u00ab\u00a0tous ensemble\u00a0\u00bb, mercredi 25 mars 2020 \u00e0 midi, en \u00ab\u00a0pri\u00e8re unanime\u00a0\u00bb face \u00e0 la pand\u00e9mie du Coronavirus.<\/p>\n<p>\u00ab\u00a0En ces journ\u00e9es d\u2019\u00e9preuve, a-t-il dit lors de l\u2019ang\u00e9lus qu\u2019il pr\u00e9sidait ce 22 mars dans la biblioth\u00e8que du palais apostolique, tandis que l\u2019humanit\u00e9 tremble de la menace de la pand\u00e9mie, je voudrais proposer \u00e0 tous les chr\u00e9tiens d\u2019unir leurs voix vers le Ciel.\u00a0\u00bb<\/p>\n<p>\u00ab\u00a0J\u2019invite tous les chefs des Eglises et les leaders de toutes les communaut\u00e9s chr\u00e9tiennes, avec tous les chr\u00e9tiens des diverses confessions, \u00e0 invoquer le Tr\u00e8s-Haut, Dieu tout-puissant, en r\u00e9citant en m\u00eame temps la pri\u00e8re que J\u00e9sus Notre Seigneur nous a enseign\u00e9e\u00a0\u00bb, a-t-il ajout\u00e9.<\/p>\n<p>Et le pape de souhaiter : \u00ab\u00a0Au jour o\u00f9 de nombreux chr\u00e9tiens font m\u00e9moire de l\u2019annonce de l\u2019Incarnation du Verbe \u00e0 la Vierge Marie, que le Seigneur \u00e9coute les pri\u00e8res unanimes de tous ses disciples qui se pr\u00e9parent \u00e0 c\u00e9l\u00e9brer la victoire du Christ ressuscit\u00e9.\u00a0\u00bb<\/p>\n<p>&nbsp;<\/p>\n","protected":false},"excerpt":{"rendered":"<p>Pri\u00e8re unanime contre la pand\u00e9mie : le Notre P\u00e8re le 25 mars \u00e0 midi Invitation du pape \u00e0 tous les chr\u00e9tiens MARS 22, 2020 12:18 Le pape Fran\u00e7ois invite tous les chr\u00e9tiens \u00e0 r\u00e9citer le Notre P\u00e8re \u00ab\u00a0tous ensemble\u00a0\u00bb, mercredi 25 mars 2020 \u00e0 midi, en \u00ab\u00a0pri\u00e8re unanime\u00a0\u00bb face \u00e0 la pand\u00e9mie du Coronavirus. \u00ab\u00a0En [&hellip;]<\/p>\n","protected":false},"author":1,"featured_media":0,"comment_status":"closed","ping_status":"closed","sticky":false,"template":"","format":"standard","meta":{"_jetpack_memberships_contains_paid_content":false,"footnotes":""},"categories":[8],"tags":[],"class_list":["post-7546","post","type-post","status-publish","format-standard","hentry","category-informations-generales"],"jetpack_sharing_enabled":true,"jetpack_featured_media_url":"","_links":{"self":[{"href":"https:\/\/www.secteur-lafertealais.fr\/index.php\/wp-json\/wp\/v2\/posts\/7546"}],"collection":[{"href":"https:\/\/www.secteur-lafertealais.fr\/index.php\/wp-json\/wp\/v2\/posts"}],"about":[{"href":"https:\/\/www.secteur-lafertealais.fr\/index.php\/wp-json\/wp\/v2\/types\/post"}],"author":[{"embeddable":true,"href":"https:\/\/www.secteur-lafertealais.fr\/index.php\/wp-json\/wp\/v2\/users\/1"}],"replies":[{"embeddable":true,"href":"https:\/\/www.secteur-lafertealais.fr\/index.php\/wp-json\/wp\/v2\/comments?post=7546"}],"version-history":[{"count":2,"href":"https:\/\/www.secteur-lafertealais.fr\/index.php\/wp-json\/wp\/v2\/posts\/7546\/revisions"}],"predecessor-version":[{"id":7551,"href":"https:\/\/www.secteur-lafertealais.fr\/index.php\/wp-json\/wp\/v2\/posts\/7546\/revisions\/7551"}],"wp:attachment":[{"href":"https:\/\/www.secteur-lafertealais.fr\/index.php\/wp-json\/wp\/v2\/media?parent=7546"}],"wp:term":[{"taxonomy":"category","embeddable":true,"href":"https:\/\/www.secteur-lafertealais.fr\/index.php\/wp-json\/wp\/v2\/categories?post=7546"},{"taxonomy":"post_tag","embeddable":true,"href":"https:\/\/www.secteur-lafertealais.fr\/index.php\/wp-json\/wp\/v2\/tags?post=7546"}],"curies":[{"name":"wp","href":"https:\/\/api.w.org\/{rel}","templated":true}]}}