{"id":7735,"date":"2020-10-30T10:18:53","date_gmt":"2020-10-30T09:18:53","guid":{"rendered":"https:\/\/www.secteur-lafertealais.fr\/?p=7735"},"modified":"2020-10-30T10:20:51","modified_gmt":"2020-10-30T09:20:51","slug":"toussaint","status":"publish","type":"post","link":"https:\/\/www.secteur-lafertealais.fr\/index.php\/2020\/10\/30\/toussaint\/","title":{"rendered":"Toussaint"},"content":{"rendered":"<p>La Conf\u00e9rence des \u00e9v\u00eaques de France vient de faire parvenir dans chaque dioc\u00e8se, les directives concernant le confinement.<\/p>\n<p>&#8211; Nous pourrons c\u00e9l\u00e9brer la f\u00eate de la Toussaint. En ce qui concerne notre groupement, <strong>seulement 2 messes pourront \u00eatre c\u00e9l\u00e9br\u00e9es<\/strong>.<\/p>\n<p>Samedi 30\/10 \u00e0 18h30 \u00e0 Sainte-Claire : attention, <u>75 personnes maximum<\/u><\/p>\n<p>Dimanche 1er\/11 \u00e0 11h \u00e0 Saint-Pierre<\/p>\n<p><strong>Il n&rsquo;y aura aucun office le lundi 2 novembre ni de b\u00e9n\u00e9diction dans les cimeti\u00e8res<\/strong>.<\/p>\n<p>&#8211; Il n&rsquo;y aura aucune c\u00e9l\u00e9bration, ni en semaine, ni le WE, \u00e0 l&rsquo;exception des obs\u00e8ques.<\/p>\n<p>&#8211; Aucun rassemblement ne sera autoris\u00e9, adoration, pri\u00e8res &#8230;<\/p>\n<p>Soyons respectueux des consignes et responsables de leur succ\u00e8s.<\/p>\n<p>&nbsp;<\/p>\n","protected":false},"excerpt":{"rendered":"<p>La Conf\u00e9rence des \u00e9v\u00eaques de France vient de faire parvenir dans chaque dioc\u00e8se, les directives concernant le confinement. &#8211; Nous pourrons c\u00e9l\u00e9brer la f\u00eate de la Toussaint. En ce qui concerne notre groupement, seulement 2 messes pourront \u00eatre c\u00e9l\u00e9br\u00e9es. Samedi 30\/10 \u00e0 18h30 \u00e0 Sainte-Claire : attention, 75 personnes maximum Dimanche 1er\/11 \u00e0 11h \u00e0 [&hellip;]<\/p>\n","protected":false},"author":1,"featured_media":0,"comment_status":"closed","ping_status":"closed","sticky":false,"template":"","format":"standard","meta":{"_jetpack_memberships_contains_paid_content":false,"footnotes":""},"categories":[7],"tags":[],"class_list":["post-7735","post","type-post","status-publish","format-standard","hentry","category-groupement-mennecy"],"jetpack_sharing_enabled":true,"jetpack_featured_media_url":"","_links":{"self":[{"href":"https:\/\/www.secteur-lafertealais.fr\/index.php\/wp-json\/wp\/v2\/posts\/7735"}],"collection":[{"href":"https:\/\/www.secteur-lafertealais.fr\/index.php\/wp-json\/wp\/v2\/posts"}],"about":[{"href":"https:\/\/www.secteur-lafertealais.fr\/index.php\/wp-json\/wp\/v2\/types\/post"}],"author":[{"embeddable":true,"href":"https:\/\/www.secteur-lafertealais.fr\/index.php\/wp-json\/wp\/v2\/users\/1"}],"replies":[{"embeddable":true,"href":"https:\/\/www.secteur-lafertealais.fr\/index.php\/wp-json\/wp\/v2\/comments?post=7735"}],"version-history":[{"count":3,"href":"https:\/\/www.secteur-lafertealais.fr\/index.php\/wp-json\/wp\/v2\/posts\/7735\/revisions"}],"predecessor-version":[{"id":7738,"href":"https:\/\/www.secteur-lafertealais.fr\/index.php\/wp-json\/wp\/v2\/posts\/7735\/revisions\/7738"}],"wp:attachment":[{"href":"https:\/\/www.secteur-lafertealais.fr\/index.php\/wp-json\/wp\/v2\/media?parent=7735"}],"wp:term":[{"taxonomy":"category","embeddable":true,"href":"https:\/\/www.secteur-lafertealais.fr\/index.php\/wp-json\/wp\/v2\/categories?post=7735"},{"taxonomy":"post_tag","embeddable":true,"href":"https:\/\/www.secteur-lafertealais.fr\/index.php\/wp-json\/wp\/v2\/tags?post=7735"}],"curies":[{"name":"wp","href":"https:\/\/api.w.org\/{rel}","templated":true}]}}