{"id":7739,"date":"2020-10-30T10:30:45","date_gmt":"2020-10-30T09:30:45","guid":{"rendered":"https:\/\/www.secteur-lafertealais.fr\/?p=7739"},"modified":"2020-10-30T10:30:45","modified_gmt":"2020-10-30T09:30:45","slug":"horaires-des-messes-de-toussaint","status":"publish","type":"post","link":"https:\/\/www.secteur-lafertealais.fr\/index.php\/2020\/10\/30\/horaires-des-messes-de-toussaint\/","title":{"rendered":"HORAIRES DES MESSES DE TOUSSAINT"},"content":{"rendered":"<h3><strong>Samedi\u00a0 :<\/strong><\/h3>\n<ul>\n<li>\n<h6>CHAMPCUEIL\u00a0 \u00a0 18h<\/h6>\n<\/li>\n<li>\n<h6>\u00a0MENNECY\u00a0 \u00a0 \u00a0 \u00a0 18h30\u00a0 \u00a0 \u00a0Sainte Claire<\/h6>\n<\/li>\n<li>\n<h6>D\u2019HUISON\u00a0 \u00a0 \u00a0 \u00a0 \u00a0 18h30<\/h6>\n<\/li>\n<\/ul>\n<h3><strong>\u00a0<\/strong><strong>\u00a0Dimanche :<\/strong><\/h3>\n<table width=\"467\">\n<tbody>\n<tr>\n<td width=\"179\">\n<h6>BALLANCOURT<\/h6>\n<\/td>\n<td width=\"141\">\n<h6>Saint Martin<\/h6>\n<\/td>\n<td width=\"67\">\n<h6><\/h6>\n<\/td>\n<td width=\"80\">\n<h6>11 h 00<\/h6>\n<\/td>\n<\/tr>\n<tr>\n<td width=\"179\">\n<h6>BOISSY LE CUTT\u00c9<\/h6>\n<\/td>\n<td width=\"141\">\n<h6>Saint Pierre \u00c8s Liens<\/h6>\n<\/td>\n<td width=\"67\">\n<h6><\/h6>\n<\/td>\n<td width=\"80\">\n<h6>9 h 30<\/h6>\n<\/td>\n<\/tr>\n<tr>\n<td width=\"179\">\n<h6>FONTENAY LE VICOMTE<\/h6>\n<\/td>\n<td width=\"141\">\n<h6>Saint R\u00e9my<\/h6>\n<\/td>\n<td width=\"67\">\n<h6><\/h6>\n<\/td>\n<td width=\"80\">\n<h6>9 h 30<\/h6>\n<\/td>\n<\/tr>\n<tr>\n<td width=\"179\">\n<h6>LA FERTE ALAIS<\/h6>\n<\/td>\n<td width=\"141\">\n<h6>Assomption de la Tr\u00e8s Sainte Vierge<\/h6>\n<\/td>\n<td width=\"67\">\n<h6><\/h6>\n<\/td>\n<td width=\"80\">\n<h6>11 h 00<\/h6>\n<\/td>\n<\/tr>\n<tr>\n<td width=\"179\">\n<h6>LE COUDRAY<\/h6>\n<\/td>\n<td width=\"141\">\n<h6>Assomption de la Tr\u00e8s Sainte Vierge<\/h6>\n<\/td>\n<td width=\"67\">\n<h6><\/h6>\n<\/td>\n<td width=\"80\">\n<h6>9 h 30<\/h6>\n<\/td>\n<\/tr>\n<tr>\n<td width=\"179\">\n<h6>MENNECY<\/h6>\n<\/td>\n<td width=\"141\">\n<h6>Saint Pierre<\/h6>\n<\/td>\n<td width=\"67\">\n<h6><\/h6>\n<\/td>\n<td width=\"80\">\n<h6>11 h 00<\/h6>\n<\/td>\n<\/tr>\n<\/tbody>\n<\/table>\n","protected":false},"excerpt":{"rendered":"<p>Samedi\u00a0 : CHAMPCUEIL\u00a0 \u00a0 18h \u00a0MENNECY\u00a0 \u00a0 \u00a0 \u00a0 18h30\u00a0 \u00a0 \u00a0Sainte Claire D\u2019HUISON\u00a0 \u00a0 \u00a0 \u00a0 \u00a0 18h30 \u00a0\u00a0Dimanche : BALLANCOURT Saint Martin 11 h 00 BOISSY LE CUTT\u00c9 Saint Pierre \u00c8s Liens 9 h 30 FONTENAY LE VICOMTE Saint R\u00e9my 9 h 30 LA FERTE ALAIS Assomption de la Tr\u00e8s Sainte Vierge 11 [&hellip;]<\/p>\n","protected":false},"author":1,"featured_media":0,"comment_status":"closed","ping_status":"closed","sticky":false,"template":"","format":"standard","meta":{"_jetpack_memberships_contains_paid_content":false,"footnotes":""},"categories":[8],"tags":[],"class_list":["post-7739","post","type-post","status-publish","format-standard","hentry","category-informations-generales"],"jetpack_sharing_enabled":true,"jetpack_featured_media_url":"","_links":{"self":[{"href":"https:\/\/www.secteur-lafertealais.fr\/index.php\/wp-json\/wp\/v2\/posts\/7739"}],"collection":[{"href":"https:\/\/www.secteur-lafertealais.fr\/index.php\/wp-json\/wp\/v2\/posts"}],"about":[{"href":"https:\/\/www.secteur-lafertealais.fr\/index.php\/wp-json\/wp\/v2\/types\/post"}],"author":[{"embeddable":true,"href":"https:\/\/www.secteur-lafertealais.fr\/index.php\/wp-json\/wp\/v2\/users\/1"}],"replies":[{"embeddable":true,"href":"https:\/\/www.secteur-lafertealais.fr\/index.php\/wp-json\/wp\/v2\/comments?post=7739"}],"version-history":[{"count":1,"href":"https:\/\/www.secteur-lafertealais.fr\/index.php\/wp-json\/wp\/v2\/posts\/7739\/revisions"}],"predecessor-version":[{"id":7740,"href":"https:\/\/www.secteur-lafertealais.fr\/index.php\/wp-json\/wp\/v2\/posts\/7739\/revisions\/7740"}],"wp:attachment":[{"href":"https:\/\/www.secteur-lafertealais.fr\/index.php\/wp-json\/wp\/v2\/media?parent=7739"}],"wp:term":[{"taxonomy":"category","embeddable":true,"href":"https:\/\/www.secteur-lafertealais.fr\/index.php\/wp-json\/wp\/v2\/categories?post=7739"},{"taxonomy":"post_tag","embeddable":true,"href":"https:\/\/www.secteur-lafertealais.fr\/index.php\/wp-json\/wp\/v2\/tags?post=7739"}],"curies":[{"name":"wp","href":"https:\/\/api.w.org\/{rel}","templated":true}]}}