{"id":7765,"date":"2020-12-03T17:40:46","date_gmt":"2020-12-03T16:40:46","guid":{"rendered":"https:\/\/www.secteur-lafertealais.fr\/?p=7765"},"modified":"2020-12-03T17:56:37","modified_gmt":"2020-12-03T16:56:37","slug":"reprise-des-messes","status":"publish","type":"post","link":"https:\/\/www.secteur-lafertealais.fr\/index.php\/2020\/12\/03\/reprise-des-messes\/","title":{"rendered":"Reprise des messes"},"content":{"rendered":"<p>Bonjour,<\/p>\n<p>Je viens vous annoncer que dimanche prochain, 6 d\u00e9cembre,\u00a0 nous reprenons les horaires habituels. N\u2019oublions pas qu\u2019il y a la messe dimanche soir \u00e0 Ballancourt \u00e0 18h, je la conseille au cas o\u00f9 vous ne pouvez pas dans la journ\u00e9e.<\/p>\n<p>Vous trouverez ci-apr\u00e8s :<\/p>\n<p>1\u00b0)\u00a0 <a href=\"https:\/\/www.secteur-lafertealais.fr\/wp-content\/uploads\/2020\/12\/Nouvelles-consignes-sanitaires.pdf\" target=\"_blank\" rel=\"noopener noreferrer\">Les Nouvelles dispositions sanitaires et pratiques des\u00a0 c\u00e9l\u00e9brations liturgiques.<\/a><\/p>\n<p>2\u00b0)\u00a0 <a href=\"https:\/\/www.secteur-lafertealais.fr\/wp-content\/uploads\/2020\/12\/Liturgie-familiale-du-dimanche-6-decembre-2020.pdf\" target=\"_blank\" rel=\"noopener noreferrer\">La liturgie pour le 2\u00e8me dimanche de l&rsquo;Avent<\/a><\/p>\n<p>3\u00b0)\u00a0 <a href=\"https:\/\/www.secteur-lafertealais.fr\/wp-content\/uploads\/2020\/12\/Horaires-messes-de-Noel.pdf\" target=\"_blank\" rel=\"noopener noreferrer\">Horaires des messes de No\u00ebl<\/a><\/p>\n<p>P\u00e8re Armand<\/p>\n","protected":false},"excerpt":{"rendered":"<p>Bonjour, Je viens vous annoncer que dimanche prochain, 6 d\u00e9cembre,\u00a0 nous reprenons les horaires habituels. N\u2019oublions pas qu\u2019il y a la messe dimanche soir \u00e0 Ballancourt \u00e0 18h, je la conseille au cas o\u00f9 vous ne pouvez pas dans la journ\u00e9e. Vous trouverez ci-apr\u00e8s : 1\u00b0)\u00a0 Les Nouvelles dispositions sanitaires et pratiques des\u00a0 c\u00e9l\u00e9brations liturgiques. [&hellip;]<\/p>\n","protected":false},"author":1,"featured_media":0,"comment_status":"closed","ping_status":"closed","sticky":false,"template":"","format":"standard","meta":{"_jetpack_memberships_contains_paid_content":false,"footnotes":""},"categories":[8],"tags":[],"class_list":["post-7765","post","type-post","status-publish","format-standard","hentry","category-informations-generales"],"jetpack_sharing_enabled":true,"jetpack_featured_media_url":"","_links":{"self":[{"href":"https:\/\/www.secteur-lafertealais.fr\/index.php\/wp-json\/wp\/v2\/posts\/7765"}],"collection":[{"href":"https:\/\/www.secteur-lafertealais.fr\/index.php\/wp-json\/wp\/v2\/posts"}],"about":[{"href":"https:\/\/www.secteur-lafertealais.fr\/index.php\/wp-json\/wp\/v2\/types\/post"}],"author":[{"embeddable":true,"href":"https:\/\/www.secteur-lafertealais.fr\/index.php\/wp-json\/wp\/v2\/users\/1"}],"replies":[{"embeddable":true,"href":"https:\/\/www.secteur-lafertealais.fr\/index.php\/wp-json\/wp\/v2\/comments?post=7765"}],"version-history":[{"count":3,"href":"https:\/\/www.secteur-lafertealais.fr\/index.php\/wp-json\/wp\/v2\/posts\/7765\/revisions"}],"predecessor-version":[{"id":7772,"href":"https:\/\/www.secteur-lafertealais.fr\/index.php\/wp-json\/wp\/v2\/posts\/7765\/revisions\/7772"}],"wp:attachment":[{"href":"https:\/\/www.secteur-lafertealais.fr\/index.php\/wp-json\/wp\/v2\/media?parent=7765"}],"wp:term":[{"taxonomy":"category","embeddable":true,"href":"https:\/\/www.secteur-lafertealais.fr\/index.php\/wp-json\/wp\/v2\/categories?post=7765"},{"taxonomy":"post_tag","embeddable":true,"href":"https:\/\/www.secteur-lafertealais.fr\/index.php\/wp-json\/wp\/v2\/tags?post=7765"}],"curies":[{"name":"wp","href":"https:\/\/api.w.org\/{rel}","templated":true}]}}