{"id":8096,"date":"2023-06-02T09:32:02","date_gmt":"2023-06-02T07:32:02","guid":{"rendered":"https:\/\/www.secteur-lafertealais.fr\/?p=8096"},"modified":"2023-09-18T16:26:00","modified_gmt":"2023-09-18T14:26:00","slug":"eglise-verte","status":"publish","type":"post","link":"https:\/\/www.secteur-lafertealais.fr\/index.php\/2023\/06\/02\/eglise-verte\/","title":{"rendered":"Eglise verte"},"content":{"rendered":"<p><img decoding=\"async\" class=\"alignnone wp-image-8095 aligncenter\" src=\"https:\/\/www.secteur-lafertealais.fr\/wp-content\/uploads\/2023\/06\/Eglise-verte.jpg\" alt=\"\" width=\"154\" height=\"86\" \/><\/p>\n<p>Le samedi 22 avril 2023 \u00e9tait consacr\u00e9 \u00e0 la \u00ab\u00a0Journ\u00e9e de La Terre\u00a0\u00bb.<\/p>\n<p style=\"text-align: left;\">Avant la messe \u00e0 Cerny, des actions concr\u00e8tes ont \u00e9t\u00e9 pr\u00e9sent\u00e9es pour r\u00e9duire sans frais notre impact \u00e9cologique :<br \/>\nles cuissons (l\u00e9gumes, l\u00e9gumineuses, viandes, st\u00e9rilisations) r\u00e9duites de moiti\u00e9 avec la \u00ab Cocotte Norv\u00e9gienne \u00bb, les r\u00e9curages (vitres d\u2019inserts, portes de fours, casseroles brul\u00e9es) rapides et performants avec de la cendre de chemin\u00e9e.<br \/>\nSi cela vous int\u00e9resse, ou pour vous procurer de la cendre gratuite, vous pourrez bient\u00f4t consulter une nouvelle rubrique plus d\u00e9taill\u00e9e consacr\u00e9e \u00e0 Eglise Verte sur ce site :<br \/>\n<a href=\"https:\/\/www.secteur-lafertealais.fr\/index.php\/eglise-verte\/\">http:\/\/www.secteur-lafertealais.fr\/<\/a>.<\/p>\n<p>Au cours de la messe, le \u00ab\u00a0Cantique des trois enfants\u00a0\u00bb du livre de Daniel a \u00e9t\u00e9 chant\u00e9 et gestu\u00e9 par l\u2019assembl\u00e9e.<br \/>\nP\u00e8re Ernest nous a invit\u00e9 \u00e0 louer le Seigneur pour la Terre qui nous porte et nous nourrit mais aussi \u00e0 faire des gestes quotidiens \u00e9conomes.<br \/>\nNous avons termin\u00e9 la c\u00e9l\u00e9bration par la pri\u00e8re pour la terre de l\u2019encyclique <a href=\"https:\/\/www.secteur-lafertealais.fr\/wp-content\/uploads\/2023\/09\/Presentation-sur-Laudato-Si.pdf\">\u00ab\u00a0Laudato Si\u00bb<\/a> du pape Fran\u00e7ois.<\/p>\n","protected":false},"excerpt":{"rendered":"<p>Le samedi 22 avril 2023 \u00e9tait consacr\u00e9 \u00e0 la \u00ab\u00a0Journ\u00e9e de La Terre\u00a0\u00bb. Avant la messe \u00e0 Cerny, des actions concr\u00e8tes ont \u00e9t\u00e9 pr\u00e9sent\u00e9es pour r\u00e9duire sans frais notre impact \u00e9cologique : les cuissons (l\u00e9gumes, l\u00e9gumineuses, viandes, st\u00e9rilisations) r\u00e9duites de moiti\u00e9 avec la \u00ab Cocotte Norv\u00e9gienne \u00bb, les r\u00e9curages (vitres d\u2019inserts, portes de fours, casseroles [&hellip;]<\/p>\n","protected":false},"author":1,"featured_media":0,"comment_status":"closed","ping_status":"closed","sticky":false,"template":"","format":"standard","meta":{"_jetpack_memberships_contains_paid_content":false,"footnotes":""},"categories":[41,6],"tags":[],"class_list":["post-8096","post","type-post","status-publish","format-standard","hentry","category-eglise-verte","category-groupement-la-ferte"],"jetpack_sharing_enabled":true,"jetpack_featured_media_url":"","_links":{"self":[{"href":"https:\/\/www.secteur-lafertealais.fr\/index.php\/wp-json\/wp\/v2\/posts\/8096"}],"collection":[{"href":"https:\/\/www.secteur-lafertealais.fr\/index.php\/wp-json\/wp\/v2\/posts"}],"about":[{"href":"https:\/\/www.secteur-lafertealais.fr\/index.php\/wp-json\/wp\/v2\/types\/post"}],"author":[{"embeddable":true,"href":"https:\/\/www.secteur-lafertealais.fr\/index.php\/wp-json\/wp\/v2\/users\/1"}],"replies":[{"embeddable":true,"href":"https:\/\/www.secteur-lafertealais.fr\/index.php\/wp-json\/wp\/v2\/comments?post=8096"}],"version-history":[{"count":7,"href":"https:\/\/www.secteur-lafertealais.fr\/index.php\/wp-json\/wp\/v2\/posts\/8096\/revisions"}],"predecessor-version":[{"id":8172,"href":"https:\/\/www.secteur-lafertealais.fr\/index.php\/wp-json\/wp\/v2\/posts\/8096\/revisions\/8172"}],"wp:attachment":[{"href":"https:\/\/www.secteur-lafertealais.fr\/index.php\/wp-json\/wp\/v2\/media?parent=8096"}],"wp:term":[{"taxonomy":"category","embeddable":true,"href":"https:\/\/www.secteur-lafertealais.fr\/index.php\/wp-json\/wp\/v2\/categories?post=8096"},{"taxonomy":"post_tag","embeddable":true,"href":"https:\/\/www.secteur-lafertealais.fr\/index.php\/wp-json\/wp\/v2\/tags?post=8096"}],"curies":[{"name":"wp","href":"https:\/\/api.w.org\/{rel}","templated":true}]}}